{"id":97,"date":"2009-03-18T13:42:51","date_gmt":"2009-03-18T13:42:51","guid":{"rendered":"http:\/\/www.tetrazon.net\/tr\/?p=97"},"modified":"2017-09-29T15:47:43","modified_gmt":"2017-09-29T15:47:43","slug":"osmanlidan-cumhuriyete-biraya-dair-sergisi","status":"publish","type":"post","link":"https:\/\/tetrazon.net\/tr\/osmanlidan-cumhuriyete-biraya-dair-sergisi\/","title":{"rendered":"Osmanl\u0131\u2019dan Cumhuriyet\u2019e Biraya Dair Sergisi"},"content":{"rendered":"<p>Efes Pilsen\u2019in Anadolu\u2019da Osmanl\u0131 d\u00f6neminden g\u00fcn\u00fcm\u00fcze bira ve \u00fcretimine dair nesneler, foto\u011fraf, belge, tan\u0131t\u0131m malzemesi gibi efemeradan olu\u015fan koleksiyonu sergilenmi\u015ftir. Sergide dijital unsurlar ve soyut dekorlar kullan\u0131larak ortam canland\u0131rmalar\u0131 ve yerle\u015ftirmeler de kullan\u0131lm\u0131\u015ft\u0131r. T\u00fcrkiye\u2019nin ilk bira sergisi olma \u00f6zelli\u011fini de ta\u015f\u0131yan gezici sergi, Tarih Vakf\u0131 ve Efes Pilsen\u2019in birlikte y\u00fcr\u00fctt\u00fc\u011f\u00fc \u201cGe\u00e7mi\u015ften G\u00fcn\u00fcm\u00fcze Anadolu\u2019da Bira ve Efes Pilsen\u201d projesi kapsam\u0131nda ger\u00e7ekle\u015ftirilmi\u015ftir.<\/p>\n<p>2009, \u0130stanbul &#8211; \u0130zmir &#8211; Ankara, T\u00fcrkiye (Gezici sergi), Efes Pilsen<\/p>\n<p>K\u00fcratoryal \u00c7al\u0131\u015fmalar, Sergi Tasar\u0131m\u0131, Grafik Tasar\u0131m<\/p>\n\n\t\t<style type=\"text\/css\">\n\t\t\t#gallery-1 {\n\t\t\t\tmargin: auto;\n\t\t\t}\n\t\t\t#gallery-1 .gallery-item {\n\t\t\t\tfloat: left;\n\t\t\t\tmargin-top: 10px;\n\t\t\t\ttext-align: center;\n\t\t\t\twidth: 33%;\n\t\t\t}\n\t\t\t#gallery-1 img {\n\t\t\t\tborder: 2px solid #cfcfcf;\n\t\t\t}\n\t\t\t#gallery-1 .gallery-caption {\n\t\t\t\tmargin-left: 0;\n\t\t\t}\n\t\t\t\/* see gallery_shortcode() in wp-includes\/media.php *\/\n\t\t<\/style>\n\t\t<div data-carousel-extra='{&quot;blog_id&quot;:1,&quot;permalink&quot;:&quot;https:\/\/tetrazon.net\/tr\/osmanlidan-cumhuriyete-biraya-dair-sergisi\/&quot;}' id='gallery-1' class='gallery galleryid-97 gallery-columns-3 gallery-size-thumbnail'><dl class='gallery-item'>\n\t\t\t<dt class='gallery-icon landscape'>\n\t\t\t\t<a href='https:\/\/tetrazon.net\/tr\/osmanlidan-cumhuriyete-biraya-dair-sergisi\/gorsel-01\/'><img decoding=\"async\" width=\"150\" height=\"150\" src=\"https:\/\/tetrazon.net\/tr\/wp-content\/uploads\/2009\/03\/G\u00f6rsel-01-150x150.jpg\" class=\"attachment-thumbnail size-thumbnail\" alt=\"\" srcset=\"https:\/\/tetrazon.net\/tr\/wp-content\/uploads\/2009\/03\/G\u00f6rsel-01-150x150.jpg 150w, https:\/\/tetrazon.net\/tr\/wp-content\/uploads\/2009\/03\/G\u00f6rsel-01-300x300.jpg 300w, https:\/\/tetrazon.net\/tr\/wp-content\/uploads\/2009\/03\/G\u00f6rsel-01.jpg 450w\" sizes=\"(max-width: 150px) 100vw, 150px\" data-attachment-id=\"101\" data-permalink=\"https:\/\/tetrazon.net\/tr\/osmanlidan-cumhuriyete-biraya-dair-sergisi\/gorsel-01\/\" data-orig-file=\"https:\/\/tetrazon.net\/tr\/wp-content\/uploads\/2009\/03\/G\u00f6rsel-01.jpg\" data-orig-size=\"450,450\" data-comments-opened=\"0\" data-image-meta=\"{&quot;aperture&quot;:&quot;0&quot;,&quot;credit&quot;:&quot;&quot;,&quot;camera&quot;:&quot;&quot;,&quot;caption&quot;:&quot;&quot;,&quot;created_timestamp&quot;:&quot;0&quot;,&quot;copyright&quot;:&quot;&quot;,&quot;focal_length&quot;:&quot;0&quot;,&quot;iso&quot;:&quot;0&quot;,&quot;shutter_speed&quot;:&quot;0&quot;,&quot;title&quot;:&quot;&quot;}\" data-image-title=\"G\u00f6rsel 01\" data-image-description=\"\" data-image-caption=\"\" data-large-file=\"https:\/\/tetrazon.net\/tr\/wp-content\/uploads\/2009\/03\/G\u00f6rsel-01.jpg\" \/><\/a>\n\t\t\t<\/dt><\/dl><dl class='gallery-item'>\n\t\t\t<dt class='gallery-icon portrait'>\n\t\t\t\t<a href='https:\/\/tetrazon.net\/tr\/osmanlidan-cumhuriyete-biraya-dair-sergisi\/gorsel-02\/'><img decoding=\"async\" width=\"150\" height=\"150\" src=\"https:\/\/tetrazon.net\/tr\/wp-content\/uploads\/2009\/03\/G\u00f6rsel-02-150x150.jpg\" class=\"attachment-thumbnail size-thumbnail\" alt=\"\" data-attachment-id=\"102\" data-permalink=\"https:\/\/tetrazon.net\/tr\/osmanlidan-cumhuriyete-biraya-dair-sergisi\/gorsel-02\/\" data-orig-file=\"https:\/\/tetrazon.net\/tr\/wp-content\/uploads\/2009\/03\/G\u00f6rsel-02.jpg\" data-orig-size=\"2848,4256\" data-comments-opened=\"0\" data-image-meta=\"{&quot;aperture&quot;:&quot;0&quot;,&quot;credit&quot;:&quot;&quot;,&quot;camera&quot;:&quot;&quot;,&quot;caption&quot;:&quot;&quot;,&quot;created_timestamp&quot;:&quot;0&quot;,&quot;copyright&quot;:&quot;&quot;,&quot;focal_length&quot;:&quot;0&quot;,&quot;iso&quot;:&quot;0&quot;,&quot;shutter_speed&quot;:&quot;0&quot;,&quot;title&quot;:&quot;&quot;}\" data-image-title=\"G\u00f6rsel 02\" data-image-description=\"\" data-image-caption=\"\" data-large-file=\"https:\/\/tetrazon.net\/tr\/wp-content\/uploads\/2009\/03\/G\u00f6rsel-02-685x1024.jpg\" \/><\/a>\n\t\t\t<\/dt><\/dl><dl class='gallery-item'>\n\t\t\t<dt class='gallery-icon landscape'>\n\t\t\t\t<a href='https:\/\/tetrazon.net\/tr\/osmanlidan-cumhuriyete-biraya-dair-sergisi\/gorsel-03\/'><img decoding=\"async\" width=\"150\" height=\"150\" src=\"https:\/\/tetrazon.net\/tr\/wp-content\/uploads\/2009\/03\/G\u00f6rsel-03-150x150.jpg\" class=\"attachment-thumbnail size-thumbnail\" alt=\"\" data-attachment-id=\"103\" data-permalink=\"https:\/\/tetrazon.net\/tr\/osmanlidan-cumhuriyete-biraya-dair-sergisi\/gorsel-03\/\" data-orig-file=\"https:\/\/tetrazon.net\/tr\/wp-content\/uploads\/2009\/03\/G\u00f6rsel-03.jpg\" data-orig-size=\"4256,2848\" data-comments-opened=\"0\" data-image-meta=\"{&quot;aperture&quot;:&quot;0&quot;,&quot;credit&quot;:&quot;&quot;,&quot;camera&quot;:&quot;&quot;,&quot;caption&quot;:&quot;&quot;,&quot;created_timestamp&quot;:&quot;0&quot;,&quot;copyright&quot;:&quot;&quot;,&quot;focal_length&quot;:&quot;0&quot;,&quot;iso&quot;:&quot;0&quot;,&quot;shutter_speed&quot;:&quot;0&quot;,&quot;title&quot;:&quot;&quot;}\" data-image-title=\"G\u00f6rsel 03\" data-image-description=\"\" data-image-caption=\"\" data-large-file=\"https:\/\/tetrazon.net\/tr\/wp-content\/uploads\/2009\/03\/G\u00f6rsel-03-1024x685.jpg\" \/><\/a>\n\t\t\t<\/dt><\/dl><br style=\"clear: both\" \/><dl class='gallery-item'>\n\t\t\t<dt class='gallery-icon landscape'>\n\t\t\t\t<a href='https:\/\/tetrazon.net\/tr\/osmanlidan-cumhuriyete-biraya-dair-sergisi\/gorsel-04\/'><img loading=\"lazy\" decoding=\"async\" width=\"150\" height=\"150\" src=\"https:\/\/tetrazon.net\/tr\/wp-content\/uploads\/2009\/03\/G\u00f6rsel-04-150x150.jpg\" class=\"attachment-thumbnail size-thumbnail\" alt=\"\" data-attachment-id=\"104\" data-permalink=\"https:\/\/tetrazon.net\/tr\/osmanlidan-cumhuriyete-biraya-dair-sergisi\/gorsel-04\/\" data-orig-file=\"https:\/\/tetrazon.net\/tr\/wp-content\/uploads\/2009\/03\/G\u00f6rsel-04.jpg\" data-orig-size=\"4256,2848\" data-comments-opened=\"0\" data-image-meta=\"{&quot;aperture&quot;:&quot;0&quot;,&quot;credit&quot;:&quot;&quot;,&quot;camera&quot;:&quot;&quot;,&quot;caption&quot;:&quot;&quot;,&quot;created_timestamp&quot;:&quot;1238265016&quot;,&quot;copyright&quot;:&quot;&quot;,&quot;focal_length&quot;:&quot;0&quot;,&quot;iso&quot;:&quot;0&quot;,&quot;shutter_speed&quot;:&quot;0&quot;,&quot;title&quot;:&quot;&quot;}\" data-image-title=\"G\u00f6rsel 04\" data-image-description=\"\" data-image-caption=\"\" data-large-file=\"https:\/\/tetrazon.net\/tr\/wp-content\/uploads\/2009\/03\/G\u00f6rsel-04-1024x685.jpg\" \/><\/a>\n\t\t\t<\/dt><\/dl><dl class='gallery-item'>\n\t\t\t<dt class='gallery-icon portrait'>\n\t\t\t\t<a href='https:\/\/tetrazon.net\/tr\/osmanlidan-cumhuriyete-biraya-dair-sergisi\/gorsel-05\/'><img loading=\"lazy\" decoding=\"async\" width=\"150\" height=\"150\" src=\"https:\/\/tetrazon.net\/tr\/wp-content\/uploads\/2009\/03\/G\u00f6rsel-05-150x150.jpg\" class=\"attachment-thumbnail size-thumbnail\" alt=\"\" data-attachment-id=\"105\" data-permalink=\"https:\/\/tetrazon.net\/tr\/osmanlidan-cumhuriyete-biraya-dair-sergisi\/gorsel-05\/\" data-orig-file=\"https:\/\/tetrazon.net\/tr\/wp-content\/uploads\/2009\/03\/G\u00f6rsel-05.jpg\" data-orig-size=\"2848,4256\" data-comments-opened=\"0\" data-image-meta=\"{&quot;aperture&quot;:&quot;0&quot;,&quot;credit&quot;:&quot;&quot;,&quot;camera&quot;:&quot;&quot;,&quot;caption&quot;:&quot;&quot;,&quot;created_timestamp&quot;:&quot;1238265522&quot;,&quot;copyright&quot;:&quot;&quot;,&quot;focal_length&quot;:&quot;0&quot;,&quot;iso&quot;:&quot;0&quot;,&quot;shutter_speed&quot;:&quot;0&quot;,&quot;title&quot;:&quot;&quot;}\" data-image-title=\"G\u00f6rsel 05\" data-image-description=\"\" data-image-caption=\"\" data-large-file=\"https:\/\/tetrazon.net\/tr\/wp-content\/uploads\/2009\/03\/G\u00f6rsel-05-685x1024.jpg\" \/><\/a>\n\t\t\t<\/dt><\/dl><dl class='gallery-item'>\n\t\t\t<dt class='gallery-icon landscape'>\n\t\t\t\t<a href='https:\/\/tetrazon.net\/tr\/osmanlidan-cumhuriyete-biraya-dair-sergisi\/gorsel-06\/'><img loading=\"lazy\" decoding=\"async\" width=\"150\" height=\"150\" src=\"https:\/\/tetrazon.net\/tr\/wp-content\/uploads\/2009\/03\/G\u00f6rsel-06-150x150.jpg\" class=\"attachment-thumbnail size-thumbnail\" alt=\"\" data-attachment-id=\"106\" data-permalink=\"https:\/\/tetrazon.net\/tr\/osmanlidan-cumhuriyete-biraya-dair-sergisi\/gorsel-06\/\" data-orig-file=\"https:\/\/tetrazon.net\/tr\/wp-content\/uploads\/2009\/03\/G\u00f6rsel-06.jpg\" data-orig-size=\"4256,2848\" data-comments-opened=\"0\" data-image-meta=\"{&quot;aperture&quot;:&quot;0&quot;,&quot;credit&quot;:&quot;&quot;,&quot;camera&quot;:&quot;&quot;,&quot;caption&quot;:&quot;&quot;,&quot;created_timestamp&quot;:&quot;0&quot;,&quot;copyright&quot;:&quot;&quot;,&quot;focal_length&quot;:&quot;0&quot;,&quot;iso&quot;:&quot;0&quot;,&quot;shutter_speed&quot;:&quot;0&quot;,&quot;title&quot;:&quot;&quot;}\" data-image-title=\"G\u00f6rsel 06\" data-image-description=\"\" data-image-caption=\"\" data-large-file=\"https:\/\/tetrazon.net\/tr\/wp-content\/uploads\/2009\/03\/G\u00f6rsel-06-1024x685.jpg\" \/><\/a>\n\t\t\t<\/dt><\/dl><br style=\"clear: both\" \/><dl class='gallery-item'>\n\t\t\t<dt class='gallery-icon landscape'>\n\t\t\t\t<a href='https:\/\/tetrazon.net\/tr\/osmanlidan-cumhuriyete-biraya-dair-sergisi\/gorsel-07\/'><img loading=\"lazy\" decoding=\"async\" width=\"150\" height=\"150\" src=\"https:\/\/tetrazon.net\/tr\/wp-content\/uploads\/2009\/03\/G\u00f6rsel-07-150x150.jpg\" class=\"attachment-thumbnail size-thumbnail\" alt=\"\" data-attachment-id=\"107\" data-permalink=\"https:\/\/tetrazon.net\/tr\/osmanlidan-cumhuriyete-biraya-dair-sergisi\/gorsel-07\/\" data-orig-file=\"https:\/\/tetrazon.net\/tr\/wp-content\/uploads\/2009\/03\/G\u00f6rsel-07.jpg\" data-orig-size=\"4256,2848\" data-comments-opened=\"0\" data-image-meta=\"{&quot;aperture&quot;:&quot;0&quot;,&quot;credit&quot;:&quot;&quot;,&quot;camera&quot;:&quot;&quot;,&quot;caption&quot;:&quot;&quot;,&quot;created_timestamp&quot;:&quot;0&quot;,&quot;copyright&quot;:&quot;&quot;,&quot;focal_length&quot;:&quot;0&quot;,&quot;iso&quot;:&quot;0&quot;,&quot;shutter_speed&quot;:&quot;0&quot;,&quot;title&quot;:&quot;&quot;}\" data-image-title=\"G\u00f6rsel 07\" data-image-description=\"\" data-image-caption=\"\" data-large-file=\"https:\/\/tetrazon.net\/tr\/wp-content\/uploads\/2009\/03\/G\u00f6rsel-07-1024x685.jpg\" \/><\/a>\n\t\t\t<\/dt><\/dl><dl class='gallery-item'>\n\t\t\t<dt class='gallery-icon portrait'>\n\t\t\t\t<a href='https:\/\/tetrazon.net\/tr\/osmanlidan-cumhuriyete-biraya-dair-sergisi\/gorsel-08\/'><img loading=\"lazy\" decoding=\"async\" width=\"150\" height=\"150\" src=\"https:\/\/tetrazon.net\/tr\/wp-content\/uploads\/2009\/03\/G\u00f6rsel-08-150x150.jpg\" class=\"attachment-thumbnail size-thumbnail\" alt=\"\" data-attachment-id=\"108\" data-permalink=\"https:\/\/tetrazon.net\/tr\/osmanlidan-cumhuriyete-biraya-dair-sergisi\/gorsel-08\/\" data-orig-file=\"https:\/\/tetrazon.net\/tr\/wp-content\/uploads\/2009\/03\/G\u00f6rsel-08.jpg\" data-orig-size=\"2848,4256\" data-comments-opened=\"0\" data-image-meta=\"{&quot;aperture&quot;:&quot;0&quot;,&quot;credit&quot;:&quot;&quot;,&quot;camera&quot;:&quot;&quot;,&quot;caption&quot;:&quot;&quot;,&quot;created_timestamp&quot;:&quot;0&quot;,&quot;copyright&quot;:&quot;&quot;,&quot;focal_length&quot;:&quot;0&quot;,&quot;iso&quot;:&quot;0&quot;,&quot;shutter_speed&quot;:&quot;0&quot;,&quot;title&quot;:&quot;&quot;}\" data-image-title=\"G\u00f6rsel 08\" data-image-description=\"\" data-image-caption=\"\" data-large-file=\"https:\/\/tetrazon.net\/tr\/wp-content\/uploads\/2009\/03\/G\u00f6rsel-08-685x1024.jpg\" \/><\/a>\n\t\t\t<\/dt><\/dl><dl class='gallery-item'>\n\t\t\t<dt class='gallery-icon portrait'>\n\t\t\t\t<a href='https:\/\/tetrazon.net\/tr\/osmanlidan-cumhuriyete-biraya-dair-sergisi\/gorsel-09\/'><img loading=\"lazy\" decoding=\"async\" width=\"150\" height=\"150\" src=\"https:\/\/tetrazon.net\/tr\/wp-content\/uploads\/2009\/03\/G\u00f6rsel-09-150x150.jpg\" class=\"attachment-thumbnail size-thumbnail\" alt=\"\" data-attachment-id=\"109\" data-permalink=\"https:\/\/tetrazon.net\/tr\/osmanlidan-cumhuriyete-biraya-dair-sergisi\/gorsel-09\/\" data-orig-file=\"https:\/\/tetrazon.net\/tr\/wp-content\/uploads\/2009\/03\/G\u00f6rsel-09.jpg\" data-orig-size=\"2848,4256\" data-comments-opened=\"0\" data-image-meta=\"{&quot;aperture&quot;:&quot;0&quot;,&quot;credit&quot;:&quot;&quot;,&quot;camera&quot;:&quot;&quot;,&quot;caption&quot;:&quot;&quot;,&quot;created_timestamp&quot;:&quot;0&quot;,&quot;copyright&quot;:&quot;&quot;,&quot;focal_length&quot;:&quot;0&quot;,&quot;iso&quot;:&quot;0&quot;,&quot;shutter_speed&quot;:&quot;0&quot;,&quot;title&quot;:&quot;&quot;}\" data-image-title=\"G\u00f6rsel 09\" data-image-description=\"\" data-image-caption=\"\" data-large-file=\"https:\/\/tetrazon.net\/tr\/wp-content\/uploads\/2009\/03\/G\u00f6rsel-09-685x1024.jpg\" \/><\/a>\n\t\t\t<\/dt><\/dl><br style=\"clear: both\" \/><dl class='gallery-item'>\n\t\t\t<dt class='gallery-icon portrait'>\n\t\t\t\t<a href='https:\/\/tetrazon.net\/tr\/osmanlidan-cumhuriyete-biraya-dair-sergisi\/gorsel-10\/'><img loading=\"lazy\" decoding=\"async\" width=\"150\" height=\"150\" src=\"https:\/\/tetrazon.net\/tr\/wp-content\/uploads\/2009\/03\/G\u00f6rsel-10-150x150.jpg\" class=\"attachment-thumbnail size-thumbnail\" alt=\"\" data-attachment-id=\"110\" data-permalink=\"https:\/\/tetrazon.net\/tr\/osmanlidan-cumhuriyete-biraya-dair-sergisi\/gorsel-10\/\" data-orig-file=\"https:\/\/tetrazon.net\/tr\/wp-content\/uploads\/2009\/03\/G\u00f6rsel-10.jpg\" data-orig-size=\"2848,4256\" data-comments-opened=\"0\" data-image-meta=\"{&quot;aperture&quot;:&quot;0&quot;,&quot;credit&quot;:&quot;&quot;,&quot;camera&quot;:&quot;&quot;,&quot;caption&quot;:&quot;&quot;,&quot;created_timestamp&quot;:&quot;0&quot;,&quot;copyright&quot;:&quot;&quot;,&quot;focal_length&quot;:&quot;0&quot;,&quot;iso&quot;:&quot;0&quot;,&quot;shutter_speed&quot;:&quot;0&quot;,&quot;title&quot;:&quot;&quot;}\" data-image-title=\"G\u00f6rsel 10\" data-image-description=\"\" data-image-caption=\"\" data-large-file=\"https:\/\/tetrazon.net\/tr\/wp-content\/uploads\/2009\/03\/G\u00f6rsel-10-685x1024.jpg\" \/><\/a>\n\t\t\t<\/dt><\/dl>\n\t\t\t<br style='clear: both' \/>\n\t\t<\/div>\n\n<p>\u0130stanbul\u00a0\/ Ankara\u00a0\/ \u0130zmir<\/p>\n<p>Proje sahibi: <a href=\"http:\/\/www.efespilsen.com.tr\/default.aspx\" target=\"_blank\" rel=\"noopener noreferrer\">Efes Pilsen<\/a><\/p>\n","protected":false},"excerpt":{"rendered":"<p>Efes Pilsen\u2019in Anadolu\u2019da Osmanl\u0131 d\u00f6neminden g\u00fcn\u00fcm\u00fcze bira ve \u00fcretimine dair nesneler, foto\u011fraf, belge, tan\u0131t\u0131m malzemesi gibi efemeradan olu\u015fan koleksiyonu sergilenmi\u015ftir. Sergide dijital unsurlar ve soyut dekorlar kullan\u0131larak ortam canland\u0131rmalar\u0131 ve yerle\u015ftirmeler de kullan\u0131lm\u0131\u015ft\u0131r. T\u00fcrkiye\u2019nin ilk bira sergisi olma \u00f6zelli\u011fini de ta\u015f\u0131yan gezici sergi, Tarih Vakf\u0131 ve Efes Pilsen\u2019in birlikte y\u00fcr\u00fctt\u00fc\u011f\u00fc [&hellip;]<\/p>\n","protected":false},"author":3,"featured_media":106,"comment_status":"closed","ping_status":"closed","sticky":false,"template":"","format":"standard","meta":{"_themeisle_gutenberg_block_has_review":false,"_jetpack_memberships_contains_paid_content":false,"footnotes":""},"categories":[4],"tags":[168,167,17,16,113,13,109,108,104,128],"class_list":["post-97","post","type-post","status-publish","format-standard","has-post-thumbnail","hentry","category-sergi","tag-anadolu-efes","tag-anadolu-holding","tag-bira","tag-efes","tag-muze-sergi-isleri","tag-sergi-2","tag-sergileme-elemanlari","tag-sergileme-tasarimi","tag-teshir-tanzim","tag-tetrazon"],"jetpack_featured_media_url":"https:\/\/tetrazon.net\/tr\/wp-content\/uploads\/2009\/03\/G\u00f6rsel-06.jpg","jetpack_sharing_enabled":true,"_links":{"self":[{"href":"https:\/\/tetrazon.net\/tr\/wp-json\/wp\/v2\/posts\/97","targetHints":{"allow":["GET"]}}],"collection":[{"href":"https:\/\/tetrazon.net\/tr\/wp-json\/wp\/v2\/posts"}],"about":[{"href":"https:\/\/tetrazon.net\/tr\/wp-json\/wp\/v2\/types\/post"}],"author":[{"embeddable":true,"href":"https:\/\/tetrazon.net\/tr\/wp-json\/wp\/v2\/users\/3"}],"replies":[{"embeddable":true,"href":"https:\/\/tetrazon.net\/tr\/wp-json\/wp\/v2\/comments?post=97"}],"version-history":[{"count":10,"href":"https:\/\/tetrazon.net\/tr\/wp-json\/wp\/v2\/posts\/97\/revisions"}],"predecessor-version":[{"id":1416,"href":"https:\/\/tetrazon.net\/tr\/wp-json\/wp\/v2\/posts\/97\/revisions\/1416"}],"wp:featuredmedia":[{"embeddable":true,"href":"https:\/\/tetrazon.net\/tr\/wp-json\/wp\/v2\/media\/106"}],"wp:attachment":[{"href":"https:\/\/tetrazon.net\/tr\/wp-json\/wp\/v2\/media?parent=97"}],"wp:term":[{"taxonomy":"category","embeddable":true,"href":"https:\/\/tetrazon.net\/tr\/wp-json\/wp\/v2\/categories?post=97"},{"taxonomy":"post_tag","embeddable":true,"href":"https:\/\/tetrazon.net\/tr\/wp-json\/wp\/v2\/tags?post=97"}],"curies":[{"name":"wp","href":"https:\/\/api.w.org\/{rel}","templated":true}]}}